{"id":32893,"date":"2023-01-27T16:27:50","date_gmt":"2023-01-27T16:27:50","guid":{"rendered":"https:\/\/entrepueblos.org\/?p=32893"},"modified":"2023-01-27T16:30:02","modified_gmt":"2023-01-27T16:30:02","slug":"carta-eu-lat-peru","status":"publish","type":"post","link":"https:\/\/www.entrepobos.org\/repositoriweb\/carta-eu-lat-peru\/","title":{"rendered":"Carta Abierta a la UE sobre las violaciones de derechos humanos en Per\u00fa (EU-LAT)"},"content":{"rendered":"<p>Desde Entrepueblos nos solidarizamos con el pueblo peruano, ante los asesinatos, personas heridas y detenciones que vienen aconteciendo en el pa\u00eds, fruto de la represi\u00f3n de la leg\u00edtima protesta. Estos hechos constituyen graves violaciones de derechos humanos que deben ser investigadas y sancionadas.<\/p>\n<p>Compartimos los pronunciamientos suscritos en el marco de las plataformas de las cuales formamos parte:<\/p>\n<h4><strong>Red EU-LAT y la Plataforma Europa Per\u00fa (PEP):<\/strong><\/h4>\n<blockquote><p><strong>En una Carta Abierta dirigida a las autoridades europeas, la Red EU-LAT y la Plataforma Europa Per\u00fa (PEP) expresan su gran preocupaci\u00f3n sobre las violaciones de Derechos Humanos ocurridas a la luz de los recientes acontecimientos pol\u00edticos en Per\u00fa.<\/strong><\/p><\/blockquote>\n<p>Desde los acontecimientos del 7 de diciembre de 2022, un alarmante n\u00famero de m\u00e1s de 50 ciudadanos peruanos han muerto y m\u00e1s de 500 nacionales han sido heridos durante las protestas ciudadanas. Mientras tanto, manifestantes y personas defensoras de los derechos humanos han sido v\u00edctimas de detenciones arbitrarias y de la negaci\u00f3n del derecho al debido proceso.<\/p>\n<p>Teniendo en cuenta la gravedad y la duraci\u00f3n de la situaci\u00f3n, la Red EU-LAT insta a la Uni\u00f3n Europea a que en sus intercambios con el gobierno peruano insista en el cumplimiento de las normas internacionales de derechos humanos. A tal fin, es esencial mantener canales de comunicaci\u00f3n abiertos y articulados con las organizaciones locales de la sociedad civil y las personas defensoras de los derechos humanos en todas las zonas afectadas de Per\u00fa.<\/p>\n<p><a href=\"https:\/\/www.entrepobos.org\/wp-content\/uploads\/2023\/01\/Carta-Abierta-a-la-UE-sobre-vulneraciones-de-derechos-humanos-en-Peru.pdf\" target=\"_blank\" rel=\"noopener\">Lee la Carta aqu\u00ed<\/a><\/p>\n<h4>Comunicado de la COEECI (Coordinadora de Entidades Extranjeras de Cooperaci\u00f3n Internacional).<\/h4>\n<p><a href=\"https:\/\/coeeci.org.pe\/pronunciamiento-de-la-coeeci-ante-la-continuidad-de-los-hechos-de-violencia-y-de-violaciones-de-los-derechos-humanos-en-el-peru\/\" target=\"_blank\" rel=\"noopener\">Lee el Comunicado (24 de enero) aqu\u00ed.<\/a><\/p>\n<p><a href=\"https:\/\/www.entrepobos.org\/news\/crisis-peru\/\" target=\"_blank\" rel=\"noopener\">Otros manifiestos a los que nos hemos adherido (desde el inicio de la crisis en diciembre de 2022).<\/a><\/p>\n","protected":false},"excerpt":{"rendered":"<p>Desde Entrepueblos nos solidarizamos con el pueblo peruano, ante los asesinatos, personas heridas y detenciones que vienen aconteciendo en el pa\u00eds, fruto de la represi\u00f3n de la leg\u00edtima protesta. Estos [&hellip;]<\/p>\n","protected":false},"author":11,"featured_media":32890,"comment_status":"closed","ping_status":"closed","sticky":false,"template":"","format":"standard","meta":{"_acf_changed":false,"_price":"","_stock":"","_tribe_ticket_header":"","_tribe_default_ticket_provider":"","_tribe_ticket_capacity":"0","_ticket_start_date":"","_ticket_end_date":"","_tribe_ticket_show_description":"","_tribe_ticket_show_not_going":false,"_tribe_ticket_use_global_stock":"","_tribe_ticket_global_stock_level":"","_global_stock_mode":"","_global_stock_cap":"","_tribe_rsvp_for_event":"","_tribe_ticket_going_count":"","_tribe_ticket_not_going_count":"","_tribe_tickets_list":"[]","_tribe_ticket_has_attendee_info_fields":false,"footnotes":""},"categories":[637,124,123],"tags":[667,687],"class_list":["post-32893","post","type-post","status-publish","format-standard","has-post-thumbnail","hentry","category-comunicados-gal","category-noticias-gal","category-peru-gal","tag-crisis-en-peru-gal","tag-derecho-a-la-protesta-gal"],"acf":[],"yoast_head":"<!-- This site is optimized with the Yoast SEO plugin v25.0 - https:\/\/yoast.com\/wordpress\/plugins\/seo\/ -->\n<title>Carta Abierta a la UE sobre las violaciones de derechos humanos en Per\u00fa (EU-LAT) - Entrepueblos<\/title>\n<meta name=\"description\" content=\"En una Carta Abierta dirigida a las autoridades europeas, la Red EU-LAT y la Plataforma Europa Per\u00fa (PEP) expresan su gran preocupaci\u00f3n sobre las violaciones de Derechos Humanos ocurridas a la luz de los recientes acontecimientos pol\u00edticos en Per\u00fa.\" \/>\n<meta name=\"robots\" content=\"index, follow, max-snippet:-1, max-image-preview:large, max-video-preview:-1\" \/>\n<link rel=\"canonical\" href=\"https:\/\/www.entrepobos.org\/repositoriweb\/carta-eu-lat-peru\/\" \/>\n<meta property=\"og:locale\" content=\"en_US\" \/>\n<meta property=\"og:type\" content=\"article\" \/>\n<meta property=\"og:title\" content=\"Carta Abierta a la UE sobre las violaciones de derechos humanos en Per\u00fa (EU-LAT) - Entrepueblos\" \/>\n<meta property=\"og:description\" content=\"En una Carta Abierta dirigida a las autoridades europeas, la Red EU-LAT y la Plataforma Europa Per\u00fa (PEP) expresan su gran preocupaci\u00f3n sobre las violaciones de Derechos Humanos ocurridas a la luz de los recientes acontecimientos pol\u00edticos en Per\u00fa.\" \/>\n<meta property=\"og:url\" content=\"https:\/\/www.entrepobos.org\/repositoriweb\/carta-eu-lat-peru\/\" \/>\n<meta property=\"og:site_name\" content=\"Entrepueblos\" \/>\n<meta property=\"article:published_time\" content=\"2023-01-27T16:27:50+00:00\" \/>\n<meta property=\"article:modified_time\" content=\"2023-01-27T16:30:02+00:00\" \/>\n<meta property=\"og:image\" content=\"https:\/\/www.entrepobos.org\/repositoriweb\/wp-content\/uploads\/2023\/01\/COMUNICADO.jpg\" \/>\n\t<meta property=\"og:image:width\" content=\"1030\" \/>\n\t<meta property=\"og:image:height\" content=\"590\" \/>\n\t<meta property=\"og:image:type\" content=\"image\/jpeg\" \/>\n<meta name=\"author\" content=\"Edita\" \/>\n<meta name=\"twitter:card\" content=\"summary_large_image\" \/>\n<meta name=\"twitter:label1\" content=\"Written by\" \/>\n\t<meta name=\"twitter:data1\" content=\"Edita\" \/>\n\t<meta name=\"twitter:label2\" content=\"Est. reading time\" \/>\n\t<meta name=\"twitter:data2\" content=\"1 minute\" \/>\n<script type=\"application\/ld+json\" class=\"yoast-schema-graph\">{\"@context\":\"https:\/\/schema.org\",\"@graph\":[{\"@type\":\"WebPage\",\"@id\":\"https:\/\/www.entrepobos.org\/repositoriweb\/carta-eu-lat-peru\/\",\"url\":\"https:\/\/www.entrepobos.org\/repositoriweb\/carta-eu-lat-peru\/\",\"name\":\"Carta Abierta a la UE sobre las violaciones de derechos humanos en Per\u00fa (EU-LAT) - Entrepueblos\",\"isPartOf\":{\"@id\":\"https:\/\/www.entrepueblos.org\/repositoriweb\/#website\"},\"primaryImageOfPage\":{\"@id\":\"https:\/\/www.entrepobos.org\/repositoriweb\/carta-eu-lat-peru\/#primaryimage\"},\"image\":{\"@id\":\"https:\/\/www.entrepobos.org\/repositoriweb\/carta-eu-lat-peru\/#primaryimage\"},\"thumbnailUrl\":\"https:\/\/www.entrepobos.org\/repositoriweb\/wp-content\/uploads\/2023\/01\/COMUNICADO.jpg\",\"datePublished\":\"2023-01-27T16:27:50+00:00\",\"dateModified\":\"2023-01-27T16:30:02+00:00\",\"author\":{\"@id\":\"https:\/\/www.entrepueblos.org\/repositoriweb\/#\/schema\/person\/640c666bfc5d74b6c591aa02c5268f78\"},\"description\":\"En una Carta Abierta dirigida a las autoridades europeas, la Red EU-LAT y la Plataforma Europa Per\u00fa (PEP) expresan su gran preocupaci\u00f3n sobre las violaciones de Derechos Humanos ocurridas a la luz de los recientes acontecimientos pol\u00edticos en Per\u00fa.\",\"breadcrumb\":{\"@id\":\"https:\/\/www.entrepobos.org\/repositoriweb\/carta-eu-lat-peru\/#breadcrumb\"},\"inLanguage\":\"ga-ES\",\"potentialAction\":[{\"@type\":\"ReadAction\",\"target\":[\"https:\/\/www.entrepobos.org\/repositoriweb\/carta-eu-lat-peru\/\"]}]},{\"@type\":\"ImageObject\",\"inLanguage\":\"ga-ES\",\"@id\":\"https:\/\/www.entrepobos.org\/repositoriweb\/carta-eu-lat-peru\/#primaryimage\",\"url\":\"https:\/\/www.entrepobos.org\/repositoriweb\/wp-content\/uploads\/2023\/01\/COMUNICADO.jpg\",\"contentUrl\":\"https:\/\/www.entrepobos.org\/repositoriweb\/wp-content\/uploads\/2023\/01\/COMUNICADO.jpg\",\"width\":1030,\"height\":590},{\"@type\":\"BreadcrumbList\",\"@id\":\"https:\/\/www.entrepobos.org\/repositoriweb\/carta-eu-lat-peru\/#breadcrumb\",\"itemListElement\":[{\"@type\":\"ListItem\",\"position\":1,\"name\":\"Portada\",\"item\":\"https:\/\/www.entrepobos.org\/repositoriweb\/\"},{\"@type\":\"ListItem\",\"position\":2,\"name\":\"Carta Abierta a la UE sobre las violaciones de derechos humanos en Per\u00fa (EU-LAT)\"}]},{\"@type\":\"WebSite\",\"@id\":\"https:\/\/www.entrepueblos.org\/repositoriweb\/#website\",\"url\":\"https:\/\/www.entrepueblos.org\/repositoriweb\/\",\"name\":\"Entrepueblos\",\"description\":\"Cooperaci\u00f3n pueblo a pueblo\",\"potentialAction\":[{\"@type\":\"SearchAction\",\"target\":{\"@type\":\"EntryPoint\",\"urlTemplate\":\"https:\/\/www.entrepueblos.org\/repositoriweb\/?s={search_term_string}\"},\"query-input\":{\"@type\":\"PropertyValueSpecification\",\"valueRequired\":true,\"valueName\":\"search_term_string\"}}],\"inLanguage\":\"ga-ES\"},{\"@type\":\"Person\",\"@id\":\"https:\/\/www.entrepueblos.org\/repositoriweb\/#\/schema\/person\/640c666bfc5d74b6c591aa02c5268f78\",\"name\":\"Edita\",\"url\":\"https:\/\/www.entrepobos.org\/repositoriweb\/author\/edita\/\"}]}<\/script>\n<!-- \/ Yoast SEO plugin. -->","yoast_head_json":{"title":"Carta Abierta a la UE sobre las violaciones de derechos humanos en Per\u00fa (EU-LAT) - Entrepueblos","description":"En una Carta Abierta dirigida a las autoridades europeas, la Red EU-LAT y la Plataforma Europa Per\u00fa (PEP) expresan su gran preocupaci\u00f3n sobre las violaciones de Derechos Humanos ocurridas a la luz de los recientes acontecimientos pol\u00edticos en Per\u00fa.","robots":{"index":"index","follow":"follow","max-snippet":"max-snippet:-1","max-image-preview":"max-image-preview:large","max-video-preview":"max-video-preview:-1"},"canonical":"https:\/\/www.entrepobos.org\/repositoriweb\/carta-eu-lat-peru\/","og_locale":"en_US","og_type":"article","og_title":"Carta Abierta a la UE sobre las violaciones de derechos humanos en Per\u00fa (EU-LAT) - Entrepueblos","og_description":"En una Carta Abierta dirigida a las autoridades europeas, la Red EU-LAT y la Plataforma Europa Per\u00fa (PEP) expresan su gran preocupaci\u00f3n sobre las violaciones de Derechos Humanos ocurridas a la luz de los recientes acontecimientos pol\u00edticos en Per\u00fa.","og_url":"https:\/\/www.entrepobos.org\/repositoriweb\/carta-eu-lat-peru\/","og_site_name":"Entrepueblos","article_published_time":"2023-01-27T16:27:50+00:00","article_modified_time":"2023-01-27T16:30:02+00:00","og_image":[{"width":1030,"height":590,"url":"https:\/\/www.entrepobos.org\/repositoriweb\/wp-content\/uploads\/2023\/01\/COMUNICADO.jpg","type":"image\/jpeg"}],"author":"Edita","twitter_card":"summary_large_image","twitter_misc":{"Written by":"Edita","Est. reading time":"1 minute"},"schema":{"@context":"https:\/\/schema.org","@graph":[{"@type":"WebPage","@id":"https:\/\/www.entrepobos.org\/repositoriweb\/carta-eu-lat-peru\/","url":"https:\/\/www.entrepobos.org\/repositoriweb\/carta-eu-lat-peru\/","name":"Carta Abierta a la UE sobre las violaciones de derechos humanos en Per\u00fa (EU-LAT) - Entrepueblos","isPartOf":{"@id":"https:\/\/www.entrepueblos.org\/repositoriweb\/#website"},"primaryImageOfPage":{"@id":"https:\/\/www.entrepobos.org\/repositoriweb\/carta-eu-lat-peru\/#primaryimage"},"image":{"@id":"https:\/\/www.entrepobos.org\/repositoriweb\/carta-eu-lat-peru\/#primaryimage"},"thumbnailUrl":"https:\/\/www.entrepobos.org\/repositoriweb\/wp-content\/uploads\/2023\/01\/COMUNICADO.jpg","datePublished":"2023-01-27T16:27:50+00:00","dateModified":"2023-01-27T16:30:02+00:00","author":{"@id":"https:\/\/www.entrepueblos.org\/repositoriweb\/#\/schema\/person\/640c666bfc5d74b6c591aa02c5268f78"},"description":"En una Carta Abierta dirigida a las autoridades europeas, la Red EU-LAT y la Plataforma Europa Per\u00fa (PEP) expresan su gran preocupaci\u00f3n sobre las violaciones de Derechos Humanos ocurridas a la luz de los recientes acontecimientos pol\u00edticos en Per\u00fa.","breadcrumb":{"@id":"https:\/\/www.entrepobos.org\/repositoriweb\/carta-eu-lat-peru\/#breadcrumb"},"inLanguage":"ga-ES","potentialAction":[{"@type":"ReadAction","target":["https:\/\/www.entrepobos.org\/repositoriweb\/carta-eu-lat-peru\/"]}]},{"@type":"ImageObject","inLanguage":"ga-ES","@id":"https:\/\/www.entrepobos.org\/repositoriweb\/carta-eu-lat-peru\/#primaryimage","url":"https:\/\/www.entrepobos.org\/repositoriweb\/wp-content\/uploads\/2023\/01\/COMUNICADO.jpg","contentUrl":"https:\/\/www.entrepobos.org\/repositoriweb\/wp-content\/uploads\/2023\/01\/COMUNICADO.jpg","width":1030,"height":590},{"@type":"BreadcrumbList","@id":"https:\/\/www.entrepobos.org\/repositoriweb\/carta-eu-lat-peru\/#breadcrumb","itemListElement":[{"@type":"ListItem","position":1,"name":"Portada","item":"https:\/\/www.entrepobos.org\/repositoriweb\/"},{"@type":"ListItem","position":2,"name":"Carta Abierta a la UE sobre las violaciones de derechos humanos en Per\u00fa (EU-LAT)"}]},{"@type":"WebSite","@id":"https:\/\/www.entrepueblos.org\/repositoriweb\/#website","url":"https:\/\/www.entrepueblos.org\/repositoriweb\/","name":"Entrepueblos","description":"Cooperaci\u00f3n pueblo a pueblo","potentialAction":[{"@type":"SearchAction","target":{"@type":"EntryPoint","urlTemplate":"https:\/\/www.entrepueblos.org\/repositoriweb\/?s={search_term_string}"},"query-input":{"@type":"PropertyValueSpecification","valueRequired":true,"valueName":"search_term_string"}}],"inLanguage":"ga-ES"},{"@type":"Person","@id":"https:\/\/www.entrepueblos.org\/repositoriweb\/#\/schema\/person\/640c666bfc5d74b6c591aa02c5268f78","name":"Edita","url":"https:\/\/www.entrepobos.org\/repositoriweb\/author\/edita\/"}]}},"_links":{"self":[{"href":"https:\/\/www.entrepobos.org\/repositoriweb\/wp-json\/wp\/v2\/posts\/32893","targetHints":{"allow":["GET"]}}],"collection":[{"href":"https:\/\/www.entrepobos.org\/repositoriweb\/wp-json\/wp\/v2\/posts"}],"about":[{"href":"https:\/\/www.entrepobos.org\/repositoriweb\/wp-json\/wp\/v2\/types\/post"}],"author":[{"embeddable":true,"href":"https:\/\/www.entrepobos.org\/repositoriweb\/wp-json\/wp\/v2\/users\/11"}],"replies":[{"embeddable":true,"href":"https:\/\/www.entrepobos.org\/repositoriweb\/wp-json\/wp\/v2\/comments?post=32893"}],"version-history":[{"count":1,"href":"https:\/\/www.entrepobos.org\/repositoriweb\/wp-json\/wp\/v2\/posts\/32893\/revisions"}],"predecessor-version":[{"id":32897,"href":"https:\/\/www.entrepobos.org\/repositoriweb\/wp-json\/wp\/v2\/posts\/32893\/revisions\/32897"}],"wp:featuredmedia":[{"embeddable":true,"href":"https:\/\/www.entrepobos.org\/repositoriweb\/wp-json\/wp\/v2\/media\/32890"}],"wp:attachment":[{"href":"https:\/\/www.entrepobos.org\/repositoriweb\/wp-json\/wp\/v2\/media?parent=32893"}],"wp:term":[{"taxonomy":"category","embeddable":true,"href":"https:\/\/www.entrepobos.org\/repositoriweb\/wp-json\/wp\/v2\/categories?post=32893"},{"taxonomy":"post_tag","embeddable":true,"href":"https:\/\/www.entrepobos.org\/repositoriweb\/wp-json\/wp\/v2\/tags?post=32893"}],"curies":[{"name":"wp","href":"https:\/\/api.w.org\/{rel}","templated":true}]}}